{"id":156304,"date":"2025-06-15T08:32:41","date_gmt":"2025-06-15T08:32:41","guid":{"rendered":"https:\/\/www.controltecnica.com\/?p=156304"},"modified":"2025-09-19T12:38:13","modified_gmt":"2025-09-19T12:38:13","slug":"farma-forum-2025","status":"publish","type":"post","link":"https:\/\/www.controltecnica.com\/pt\/farma-forum-2025\/","title":{"rendered":"Farma Forum 2025"},"content":{"rendered":"<div class=\"wpb-content-wrapper\"><div data-parent=\"true\" class=\"vc_row row-container\" id=\"row-unique-0\"><div class=\"row limit-width row-parent\"><div class=\"wpb_row row-inner\"><div class=\"wpb_column pos-top pos-center align_left column_parent col-lg-12 single-internal-gutter\"><div class=\"uncol style-light\"  ><div class=\"uncoltable\"><div class=\"uncell no-block-padding\" ><div class=\"uncont\" ><div class=\"uncode-single-media  text-left\"><div class=\"single-wrapper\" style=\"max-width: 100%;\"><div class=\"tmb tmb-light  img-round img-round-std tmb-media-first tmb-media-last tmb-content-overlay tmb-no-bg\"><div class=\"t-inside\"><div class=\"t-entry-visual\"><div class=\"t-entry-visual-tc\"><div class=\"uncode-single-media-wrapper img-round img-round-std\"><img decoding=\"async\" class=\"wp-image-156306\" src=\"https:\/\/www.controltecnica.com\/wp-content\/uploads\/2025\/06\/farma-forum.jpg\" width=\"900\" height=\"450\" alt=\"\" srcset=\"https:\/\/www.controltecnica.com\/wp-content\/uploads\/2025\/06\/farma-forum.jpg 900w, https:\/\/www.controltecnica.com\/wp-content\/uploads\/2025\/06\/farma-forum-300x150.jpg 300w, https:\/\/www.controltecnica.com\/wp-content\/uploads\/2025\/06\/farma-forum-768x384.jpg 768w, https:\/\/www.controltecnica.com\/wp-content\/uploads\/2025\/06\/farma-forum-18x9.jpg 18w, https:\/\/www.controltecnica.com\/wp-content\/uploads\/2025\/06\/farma-forum-350x175.jpg 350w\" sizes=\"(max-width: 900px) 100vw, 900px\" \/><\/div>\n\t\t\t\t\t<\/div>\n\t\t\t\t<\/div><\/div><\/div><\/div><\/div><div class=\"uncode_text_column text-justify text-lead\" ><p><strong>Foro de la Industria Farmac\u00e9utica, Biofarmac\u00e9utica y Tecnolog\u00eda de laboratorio &#8211; XI EDICI\u00d3N<\/strong><br \/>\nMadrid, 17-18 septiembre 2025<br \/>\nIFEMA, pabell\u00f3n 9 &#8211; <strong>STAND B21-B23<\/strong><br \/>\n<strong>M\u00e1s informaci\u00f3n.<\/strong> <a href=\"https:\/\/farmaforum.es\/\/\" target=\"_blank\" rel=\"noopener\">https:\/\/farmaforum.es\/<\/a><\/p>\n<p><strong>Farmaforum 2025,<\/strong> Foro de la Industria Farmac\u00e9utica, Biofarmac\u00e9utica y Tecnolog\u00edas de Laboratorio <strong>celebra su und\u00e9cima edici\u00f3n en Madrid.<\/strong><strong> De nuevo se han elegido las instalaciones de IFEMA, concretamente el pabell\u00f3n 9 de la Feria de Madrid. En sus once a\u00f1os de existencia, Farmaforum ha logrado consolidarse como el evento m\u00e1s importante de la Industria Farmac\u00e9utica en Espa\u00f1a,<\/strong> extendiendo su tem\u00e1tica y compartiendo sinergias con la Industria Biotecnol\u00f3gica y la Industria Cosm\u00e9tica.<\/p>\n<p>Publicaci\u00f3n en Linkedin de nuestra presencia en Farmaforum 2025: <a href=\"https:\/\/www.linkedin.com\/feed\/update\/urn:li:activity:7374439867881099264\/\" target=\"_blank\" rel=\"noopener\">Controltecnica en Farmaforum<\/a><\/p>\n<\/div><\/div><\/div><\/div><\/div><\/div><script id=\"script-row-unique-0\" data-row=\"script-row-unique-0\" type=\"text\/javascript\" class=\"vc_controls\">UNCODE.initRow(document.getElementById(\"row-unique-0\"));<\/script><\/div><\/div><\/div>\n<\/div>","protected":false},"excerpt":{"rendered":"Foro de la Industria Farmac\u00e9utica, Biofarmac\u00e9utica y Tecnolog\u00eda de laboratorio &#8211; XI EDICI\u00d3N Madrid, 17-18 septiembre 2025 IFEMA, pabell\u00f3n 9 [...]","protected":false},"author":2,"featured_media":156306,"comment_status":"closed","ping_status":"closed","sticky":false,"template":"","format":"standard","meta":{"iawp_total_views":80,"footnotes":""},"categories":[180],"tags":[],"class_list":["post-156304","post","type-post","status-publish","format-standard","has-post-thumbnail","hentry","category-ferias-y-eventos-pasados"],"_links":{"self":[{"href":"https:\/\/www.controltecnica.com\/pt\/wp-json\/wp\/v2\/posts\/156304","targetHints":{"allow":["GET"]}}],"collection":[{"href":"https:\/\/www.controltecnica.com\/pt\/wp-json\/wp\/v2\/posts"}],"about":[{"href":"https:\/\/www.controltecnica.com\/pt\/wp-json\/wp\/v2\/types\/post"}],"author":[{"embeddable":true,"href":"https:\/\/www.controltecnica.com\/pt\/wp-json\/wp\/v2\/users\/2"}],"replies":[{"embeddable":true,"href":"https:\/\/www.controltecnica.com\/pt\/wp-json\/wp\/v2\/comments?post=156304"}],"version-history":[{"count":10,"href":"https:\/\/www.controltecnica.com\/pt\/wp-json\/wp\/v2\/posts\/156304\/revisions"}],"predecessor-version":[{"id":156675,"href":"https:\/\/www.controltecnica.com\/pt\/wp-json\/wp\/v2\/posts\/156304\/revisions\/156675"}],"wp:featuredmedia":[{"embeddable":true,"href":"https:\/\/www.controltecnica.com\/pt\/wp-json\/wp\/v2\/media\/156306"}],"wp:attachment":[{"href":"https:\/\/www.controltecnica.com\/pt\/wp-json\/wp\/v2\/media?parent=156304"}],"wp:term":[{"taxonomy":"category","embeddable":true,"href":"https:\/\/www.controltecnica.com\/pt\/wp-json\/wp\/v2\/categories?post=156304"},{"taxonomy":"post_tag","embeddable":true,"href":"https:\/\/www.controltecnica.com\/pt\/wp-json\/wp\/v2\/tags?post=156304"}],"curies":[{"name":"wp","href":"https:\/\/api.w.org\/{rel}","templated":true}]}}